{"id":288441,"date":"2023-09-16T21:47:17","date_gmt":"2023-09-16T19:47:17","guid":{"rendered":"https:\/\/paroisse-carquefou-suce-sur-erdre.fr\/?p=288441"},"modified":"2023-09-19T21:32:21","modified_gmt":"2023-09-19T19:32:21","slug":"homelie-3-09-23","status":"publish","type":"post","link":"https:\/\/paroisse-carquefou-suce-sur-erdre.fr\/index.php\/homelie-3-09-23\/","title":{"rendered":"Hom\u00e9lie 3\/09\/23"},"content":{"rendered":"<p>[et_pb_section fb_built=\u00a0\u00bb1&Prime; _builder_version=\u00a0\u00bb4.16&Prime; global_colors_info=\u00a0\u00bb{}\u00a0\u00bb][et_pb_row column_structure=\u00a0\u00bb1_3,1_3,1_3&Prime; use_custom_gutter=\u00a0\u00bbon\u00a0\u00bb gutter_width=\u00a0\u00bb1&Prime; make_equal=\u00a0\u00bbon\u00a0\u00bb _builder_version=\u00a0\u00bb4.22.1&Prime; _module_preset=\u00a0\u00bbdefault\u00a0\u00bb width=\u00a0\u00bb100%\u00a0\u00bb module_alignment=\u00a0\u00bbcenter\u00a0\u00bb global_colors_info=\u00a0\u00bb{}\u00a0\u00bb][et_pb_column type=\u00a0\u00bb1_3&Prime; _builder_version=\u00a0\u00bb4.22.1&Prime; _module_preset=\u00a0\u00bbdefault\u00a0\u00bb global_colors_info=\u00a0\u00bb{}\u00a0\u00bb][et_pb_text _builder_version=\u00a0\u00bb4.22.1&Prime; _module_preset=\u00a0\u00bbdefault\u00a0\u00bb text_font_size=\u00a0\u00bb21px\u00a0\u00bb header_6_font=\u00a0\u00bbBasic||||||||\u00a0\u00bb header_6_font_size=\u00a0\u00bb42px\u00a0\u00bb background_color=\u00a0\u00bb#c6c6c6&Prime; max_width=\u00a0\u00bb35%\u00a0\u00bb module_alignment=\u00a0\u00bbcenter\u00a0\u00bb height=\u00a0\u00bb107px\u00a0\u00bb custom_padding=\u00a0\u00bb16px||||false|false\u00a0\u00bb border_radii=\u00a0\u00bbon|4px|4px|4px|4px\u00a0\u00bb global_colors_info=\u00a0\u00bb{}\u00a0\u00bb]<\/p>\n<h6 style=\"text-align: center;\">3<\/h6>\n<p style=\"text-align: center;\">septembre<\/p>\n<p>[\/et_pb_text][\/et_pb_column][et_pb_column type=\u00a0\u00bb1_3&Prime; _builder_version=\u00a0\u00bb4.22.1&Prime; _module_preset=\u00a0\u00bbdefault\u00a0\u00bb custom_padding=\u00a0\u00bb6px||||false|false\u00a0\u00bb global_colors_info=\u00a0\u00bb{}\u00a0\u00bb][et_pb_image src=\u00a0\u00bbhttps:\/\/paroisse-carquefou-suce-sur-erdre.fr\/wp-content\/uploads\/2023\/09\/Homelie-705x420test2.jpg\u00a0\u00bb title_text=\u00a0\u00bbHom\u00e9lie-705x420test2&Prime; _builder_version=\u00a0\u00bb4.22.1&Prime; _module_preset=\u00a0\u00bbdefault\u00a0\u00bb transform_scale=\u00a0\u00bb69%|69%\u00a0\u00bb transform_translate=\u00a0\u00bb-246px|-89px\u00a0\u00bb transform_translate_linked=\u00a0\u00bboff\u00a0\u00bb module_alignment=\u00a0\u00bbleft\u00a0\u00bb border_radii=\u00a0\u00bbon|7px|7px|7px|7px\u00a0\u00bb global_colors_info=\u00a0\u00bb{}\u00a0\u00bb][\/et_pb_image][\/et_pb_column][et_pb_column type=\u00a0\u00bb1_3&Prime; _builder_version=\u00a0\u00bb4.22.1&Prime; _module_preset=\u00a0\u00bbdefault\u00a0\u00bb transform_translate=\u00a0\u00bb-211px|0px\u00a0\u00bb transform_translate_linked=\u00a0\u00bboff\u00a0\u00bb custom_padding=\u00a0\u00bb0px|10px||23px|false|false\u00a0\u00bb global_colors_info=\u00a0\u00bb{}\u00a0\u00bb][et_pb_accordion _builder_version=\u00a0\u00bb4.22.1&Prime; _module_preset=\u00a0\u00bbdefault\u00a0\u00bb custom_margin=\u00a0\u00bb|-472px||-32px|false|false\u00a0\u00bb custom_padding=\u00a0\u00bb||32px||false|false\u00a0\u00bb hover_enabled=\u00a0\u00bb0&Prime; border_color_all=\u00a0\u00bb#000000&Prime; global_colors_info=\u00a0\u00bb{}\u00a0\u00bb sticky_enabled=\u00a0\u00bb0&Prime; background_color=\u00a0\u00bb#FFFFFF\u00a0\u00bb][et_pb_accordion_item title=\u00a0\u00bbDimanche 3 septembre 2023&Prime; open=\u00a0\u00bbon\u00a0\u00bb icon_color=\u00a0\u00bb#000000&Prime; toggle_icon=\u00a0\u00bb&#x3a;||divi||400&Prime; use_icon_font_size=\u00a0\u00bbon\u00a0\u00bb icon_font_size=\u00a0\u00bb27px\u00a0\u00bb _builder_version=\u00a0\u00bb4.22.1&Prime; _module_preset=\u00a0\u00bbdefault\u00a0\u00bb hover_enabled=\u00a0\u00bb0&Prime; global_colors_info=\u00a0\u00bb{}\u00a0\u00bb background_color=\u00a0\u00bb#FFFFFF\u00a0\u00bb background_enable_color=\u00a0\u00bbon\u00a0\u00bb sticky_enabled=\u00a0\u00bb0&Prime; z_index=\u00a0\u00bb162&Prime;]<\/p>\n<div class=\"et_pb_module et_pb_text et_pb_text_4_tb_body  et_pb_text_align_left et_pb_bg_layout_light\">\n<div class=\"et_pb_text_inner\">\n<p>Pourquoi l\u2019image d\u2019un J\u00e9sus tout doux, tout bon, qui ne se f\u00e2che jamais, qui excuse tout au point de ne pas faire de diff\u00e9rence entre des comportements bons et d\u2019autres mauvais perdure-t-elle toujours, y compris chez des chr\u00e9tiens\u00a0?<\/p>\n<p>Si tel \u00e9tait J\u00e9sus, il ne parlerait pas de la sorte \u00e0 Pierre\u00a0: \u00ab\u00a0passe derri\u00e8re moi, Satan. Tes pens\u00e9es ne sont pas celles de Dieu mais celles des hommes.\u00a0\u00bb<\/p>\n<\/div>\n<\/div>\n<p>[\/et_pb_accordion_item][et_pb_accordion_item title=\u00a0\u00bbLire la suite\u00a0\u00bb icon_color=\u00a0\u00bb#000000&Prime; toggle_icon=\u00a0\u00bb&#x3b;||divi||400&Prime; use_icon_font_size=\u00a0\u00bbon\u00a0\u00bb icon_font_size=\u00a0\u00bb29px\u00a0\u00bb _builder_version=\u00a0\u00bb4.22.1&Prime; _module_preset=\u00a0\u00bbdefault\u00a0\u00bb global_colors_info=\u00a0\u00bb{}\u00a0\u00bb toggle_font_size=\u00a0\u00bb19px\u00a0\u00bb open=\u00a0\u00bboff\u00a0\u00bb]<\/p>\n<div class=\"et_pb_toggle_content clearfix\">\n<p>Pourquoi l\u2019image d\u2019un J\u00e9sus tout doux, tout bon, qui ne se f\u00e2che jamais, qui excuse tout au point de ne pas faire de diff\u00e9rence entre des comportements bons et d\u2019autres mauvais perdure-t-elle toujours, y compris chez des chr\u00e9tiens\u00a0?<\/p>\n<p>&nbsp;<\/p>\n<p>Si tel \u00e9tait J\u00e9sus, il ne parlerait pas de la sorte \u00e0 Pierre\u00a0: \u00ab\u00a0passe derri\u00e8re moi, Satan. Tes pens\u00e9es ne sont pas celles de Dieu mais celles des hommes.\u00a0\u00bb<\/p>\n<p>&nbsp;<\/p>\n<p>Il n\u2019y aurait pas chez ceux qui ont cherch\u00e9 et d\u00e9sir\u00e9 Dieu tout au long de l\u2019Histoire des crises comme celle que traverse J\u00e9r\u00e9mie. Celle-ci survient apr\u00e8s qu\u2019il ait \u00e9t\u00e9 rejet\u00e9 par ses compatriotes pour avoir parl\u00e9 ainsi\u00a0:<\/p>\n<p><em>Jr 7, 3 Rendez meilleurs vos chemins et vos actes : je vous ferai demeurer dans ce lieu.<\/em><\/p>\n<p><em>04 Ne faites pas confiance \u00e0 des paroles de mensonge, en disant : \u00ab Temple du Seigneur ! Temple du Seigneur ! C\u2019est ici le temple du Seigneur ! \u00bb<\/em><\/p>\n<p><em>05 Si vraiment vous rendez meilleurs vos chemins et vos actes, si vraiment vous maintenez le droit entre un homme et son prochain,<\/em><\/p>\n<p><em>06 si vous n\u2019opprimez pas l\u2019immigr\u00e9, l\u2019orphelin ou la veuve, si vous ne versez pas, dans ce lieu, le sang de l\u2019innocent, si vous ne suivez pas, pour votre malheur, d\u2019autres dieux,<\/em><\/p>\n<p><em>07 alors, je vous ferai demeurer dans ce lieu, dans le pays que j\u2019ai donn\u00e9 \u00e0 vos p\u00e8res, depuis toujours et pour toujours.<\/em><\/p>\n<p><em>08 Mais voici, vous faites confiance \u00e0 des paroles de mensonge qui ne servent \u00e0 rien.<\/em><\/p>\n<p><em>09 Quoi ! Vous pouvez voler, tuer, commettre l\u2019adult\u00e8re, faire des faux serments, br\u00fbler de l\u2019encens pour le dieu Baal, suivre d\u2019autres dieux que vous ne connaissez pas ;<\/em><\/p>\n<p><em>10 et ensuite, dans cette Maison sur laquelle mon nom est invoqu\u00e9, vous pouvez vous pr\u00e9senter devant moi, en disant : \u00ab Nous sommes sauv\u00e9s \u00bb ; et vous faites toutes ces abominations !<\/em><\/p>\n<p>&nbsp;<\/p>\n<p>Il n\u2019aurait pas cette exigence folle de porter sa croix pour le suivre. Il se ferait un ton mielleux pour adresser des paroles suaves et douces \u00e0 entendre comme un bon gourou.<\/p>\n<p>&nbsp;<\/p>\n<p>Pourquoi donc J\u00e9sus est-Il si dur avec Pierre quand celui-ci veut bannir la souffrance et la croix de la vie du Messie et donc de Ses disciples que nous sommes\u00a0?<\/p>\n<p>Parce qu\u2019Il nous aime\u00a0!<\/p>\n<p>C\u2019est ce que nous explique dans un tr\u00e8s beau texte pour les \u00e9ducateurs saint Augustin\u00a0:<\/p>\n<p>\u00ab\u00a0Ne crois pas que tu aimes ton fils, quand tu ne lui apprends pas la discipline ; que tu aimes ton voisin, quand tu ne le reprends pas\u00a0; ce n\u2019est pas de l\u2019amour, c\u2019est de la ti\u00e9deur.<\/p>\n<p>&nbsp;<\/p>\n<p>L\u2019amour doit \u00eatre ardent \u00e0 r\u00e9former, \u00e0 corriger. Si les autres agissent bien, r\u00e9jouis-toi ; mais s\u2019ils agissent mal, il faut corriger, am\u00e9liorer.<\/p>\n<p>&nbsp;<\/p>\n<p>Ce que tu dois aimer dans l\u2019homme, ce n\u2019est pas l\u2019erreur, c\u2019est l\u2019homme. Car l\u2019homme est l\u2019\u0153uvre de Dieu, l\u2019erreur est l\u2019\u0153uvre de l\u2019homme.<\/p>\n<p>En aimant l\u2019\u0153uvre de Dieu, tu effaces l\u2019erreur\u00a0; tu aimes la premi\u00e8re, et ainsi tu corriges l\u2019autre. Mais, m\u00eame s\u2019il t\u2019arrive d\u2019user de rigueur, que ce soit dans le souci de faire grandir.\u00a0\u00bb<\/p>\n<p>St Augustin<\/p>\n<\/div>\n<p>[\/et_pb_accordion_item][\/et_pb_accordion][\/et_pb_column][\/et_pb_row][\/et_pb_section]<\/p>\n","protected":false},"excerpt":{"rendered":"<p>3 septembre Pourquoi l\u2019image d\u2019un J\u00e9sus tout doux, tout bon, qui ne se f\u00e2che jamais, qui excuse tout au point de ne pas faire de diff\u00e9rence entre des comportements bons et d\u2019autres mauvais perdure-t-elle toujours, y compris chez des chr\u00e9tiens\u00a0? Si tel \u00e9tait J\u00e9sus, il ne parlerait pas de la sorte \u00e0 Pierre\u00a0: \u00ab\u00a0passe derri\u00e8re [&hellip;]<\/p>\n","protected":false},"author":4,"featured_media":0,"comment_status":"closed","ping_status":"open","sticky":false,"template":"","format":"standard","meta":{"_et_pb_use_builder":"on","_et_pb_old_content":"<p>[learn_more] Le contenu va ici[\/learn_more]<\/p>","_et_gb_content_width":"","_price":"","_stock":"","_tribe_ticket_header":"","_tribe_default_ticket_provider":"","_tribe_ticket_capacity":"0","_ticket_start_date":"","_ticket_end_date":"","_tribe_ticket_show_description":"","_tribe_ticket_show_not_going":false,"_tribe_ticket_use_global_stock":"","_tribe_ticket_global_stock_level":"","_global_stock_mode":"","_global_stock_cap":"","_tribe_rsvp_for_event":"","_tribe_ticket_going_count":"","_tribe_ticket_not_going_count":"","_tribe_tickets_list":"[]","_tribe_ticket_has_attendee_info_fields":false,"footnotes":""},"categories":[11,1],"tags":[53],"class_list":["post-288441","post","type-post","status-publish","format-standard","hentry","category-les-homelies","category-non-classe","tag-homelie"],"_links":{"self":[{"href":"https:\/\/paroisse-carquefou-suce-sur-erdre.fr\/index.php\/wp-json\/wp\/v2\/posts\/288441","targetHints":{"allow":["GET"]}}],"collection":[{"href":"https:\/\/paroisse-carquefou-suce-sur-erdre.fr\/index.php\/wp-json\/wp\/v2\/posts"}],"about":[{"href":"https:\/\/paroisse-carquefou-suce-sur-erdre.fr\/index.php\/wp-json\/wp\/v2\/types\/post"}],"author":[{"embeddable":true,"href":"https:\/\/paroisse-carquefou-suce-sur-erdre.fr\/index.php\/wp-json\/wp\/v2\/users\/4"}],"replies":[{"embeddable":true,"href":"https:\/\/paroisse-carquefou-suce-sur-erdre.fr\/index.php\/wp-json\/wp\/v2\/comments?post=288441"}],"version-history":[{"count":17,"href":"https:\/\/paroisse-carquefou-suce-sur-erdre.fr\/index.php\/wp-json\/wp\/v2\/posts\/288441\/revisions"}],"predecessor-version":[{"id":288707,"href":"https:\/\/paroisse-carquefou-suce-sur-erdre.fr\/index.php\/wp-json\/wp\/v2\/posts\/288441\/revisions\/288707"}],"wp:attachment":[{"href":"https:\/\/paroisse-carquefou-suce-sur-erdre.fr\/index.php\/wp-json\/wp\/v2\/media?parent=288441"}],"wp:term":[{"taxonomy":"category","embeddable":true,"href":"https:\/\/paroisse-carquefou-suce-sur-erdre.fr\/index.php\/wp-json\/wp\/v2\/categories?post=288441"},{"taxonomy":"post_tag","embeddable":true,"href":"https:\/\/paroisse-carquefou-suce-sur-erdre.fr\/index.php\/wp-json\/wp\/v2\/tags?post=288441"}],"curies":[{"name":"wp","href":"https:\/\/api.w.org\/{rel}","templated":true}]}}